{"id":181,"date":"2025-11-06T14:04:02","date_gmt":"2025-11-06T13:04:02","guid":{"rendered":"http:\/\/tdi_77_633"},"modified":"2025-11-06T18:31:14","modified_gmt":"2025-11-06T17:31:14","slug":"ministre-de-linterieur-fouzi-laftit-celui-qui-a-pris-de-largent-ou-des-terres-doit-les-rendre-sinon-nous-irons-jusquau-bout","status":"publish","type":"post","link":"https:\/\/fr.13emregion.com\/index.php\/2025\/11\/06\/ministre-de-linterieur-fouzi-laftit-celui-qui-a-pris-de-largent-ou-des-terres-doit-les-rendre-sinon-nous-irons-jusquau-bout\/","title":{"rendered":"Ministre de l\u2019Int\u00e9rieur, Fouzi Laftit : \u00ab Celui qui a pris de l\u2019argent ou des terres doit les rendre, sinon nous irons jusqu\u2019au bout \u00bb"},"content":{"rendered":"\r\n<p class=\"wp-block-paragraph\" style=\"text-align: justify;\" data-start=\"77\" data-end=\"328\"><strong data-start=\"218\" data-end=\"328\">Laftit et le m\u00e9rite non perdu : vers une reddition de comptes sur les affaires territoriales et communales<\/strong><\/p>\r\n<p style=\"text-align: justify;\" data-start=\"330\" data-end=\"576\">Les d\u00e9clarations du ministre de l\u2019Int\u00e9rieur, Abdelouafi Laftit, adress\u00e9es aux \u00e9lus et \u00e0 ceux qui se sont accapar\u00e9s des terres des collectivit\u00e9s territoriales, constituent un moment charni\u00e8re dans la relation entre l\u2019\u00c9tat et le territoire local.<\/p>\r\n<p style=\"text-align: justify;\" data-start=\"578\" data-end=\"886\">Lorsqu\u2019il a d\u00e9clar\u00e9 : \u00ab Celui qui a pris de l\u2019argent ou des terres doit les rendre\u2026 sinon nous irons jusqu\u2019au bout \u00bb, il ne s\u2019adressait pas uniquement \u00e0 un individu pr\u00e9cis, mais \u00e0 un \u00ab syst\u00e8me \u00bb entier de relations informelles qui ont perdur\u00e9 pendant des d\u00e9cennies au sein de l\u2019administration territoriale.<\/p>\r\n<p style=\"text-align: justify;\" data-start=\"888\" data-end=\"1130\">Mais que signifie r\u00e9ellement ce discours sur le terrain ? Existe-t-il des preuves claires que l\u2019\u00c9tat se pr\u00e9pare \u00e0 creuser dans ce que l\u2019on pourrait appeler \u00ab un demi-si\u00e8cle \u00bb de pratiques ? Et quelles sont les limites de ce \u00ab creusement \u00bb ?<\/p>\r\n<h3 style=\"text-align: justify;\" data-start=\"1137\" data-end=\"1188\">1. Les faits et fuites ayant motiv\u00e9 le discours<\/h3>\r\n<p style=\"text-align: justify;\" data-start=\"1190\" data-end=\"1479\">Un rapport s\u00e9quentiel bas\u00e9 sur des sources m\u00e9diatiques r\u00e9v\u00e8le que des dossiers relatifs \u00e0 des transferts de terres collectives et \u00e0 des pratiques ill\u00e9gales au sein des collectivit\u00e9s territoriales ne sont plus seulement locaux ou individuels, mais rev\u00eatent une dimension institutionnelle.<\/p>\r\n<p style=\"text-align: justify;\" data-start=\"1481\" data-end=\"1493\">Exemples :<\/p>\r\n<ul style=\"text-align: justify;\" data-start=\"1494\" data-end=\"2137\">\r\n<li data-start=\"1494\" data-end=\"1753\">\r\n<p data-start=\"1496\" data-end=\"1753\">Des enqu\u00eates ont \u00e9t\u00e9 r\u00e9v\u00e9l\u00e9es dans plusieurs communes des r\u00e9gions Casablanca\u2013Settat et F\u00e8s\u2013Mekn\u00e8s, concernant des transferts de terres collectives \u00e0 bas prix pour le d\u00e9veloppement immobilier, en pr\u00e9sence de pr\u00e9sidents de communes ou de conseillers loyaux.<\/p>\r\n<\/li>\r\n<li data-start=\"1754\" data-end=\"2137\">\r\n<p data-start=\"1756\" data-end=\"2137\">Des fuites provenant des tribunaux r\u00e9gionaux pour l\u2019inspection financi\u00e8re et administrative ont montr\u00e9 l\u2019existence de \u00ab circuits suspects \u00bb au sein des conseils communaux pour distribuer des aides et subventions via des associations fictives ou par d\u00e9l\u00e9gations individuelles, ce qui indique que la corruption ne se limite pas aux terres, mais touche aussi les finances publiques.<\/p>\r\n<\/li>\r\n<\/ul>\r\n<p style=\"text-align: justify;\" data-start=\"2139\" data-end=\"2158\">Cas sp\u00e9cifiques :<\/p>\r\n<ul style=\"text-align: justify;\" data-start=\"2159\" data-end=\"2395\">\r\n<li data-start=\"2159\" data-end=\"2395\">\r\n<p data-start=\"2161\" data-end=\"2395\">Par exemple, la commune de \u00ab Mghougha \u00bb \u00e0 Tanger, o\u00f9 le vice-pr\u00e9sident de la commune fait l\u2019objet d\u2019une enqu\u00eate pour \u00ab documents falsifi\u00e9s \u00bb concernant des terres collectives, notamment des for\u00eats, transf\u00e9r\u00e9es en propri\u00e9t\u00e9s priv\u00e9es.<\/p>\r\n<\/li>\r\n<\/ul>\r\n<p style=\"text-align: justify;\" data-start=\"2397\" data-end=\"2436\">Avertissement officiel du minist\u00e8re :<\/p>\r\n<ul style=\"text-align: justify;\" data-start=\"2437\" data-end=\"2623\">\r\n<li data-start=\"2437\" data-end=\"2623\">\r\n<p data-start=\"2439\" data-end=\"2623\">Une note a \u00e9t\u00e9 \u00e9mise pour organiser la construction sur les terres collectives, indiquant que l\u2019administration est consciente du vide l\u00e9gislatif\/ex\u00e9cutif exploit\u00e9 pendant des ann\u00e9es.<\/p>\r\n<\/li>\r\n<\/ul>\r\n<p style=\"text-align: justify;\" data-start=\"2625\" data-end=\"2815\">Ces donn\u00e9es constituent un contexte logique pour la d\u00e9claration du ministre : il ne s\u2019agit pas simplement d\u2019un discours pr\u00e9ventif, mais d\u2019une r\u00e9ponse \u00e0 un ensemble de ph\u00e9nom\u00e8nes accumul\u00e9s.<\/p>\r\n<h3 style=\"text-align: justify;\" data-start=\"2822\" data-end=\"2876\">2. Que signifie \u00ab un demi-si\u00e8cle de corruption \u00bb ?<\/h3>\r\n<p style=\"text-align: justify;\" data-start=\"2878\" data-end=\"3016\">Le discours minist\u00e9riel sugg\u00e8re que ce qui se passe aujourd\u2019hui n\u2019est pas nouveau, mais r\u00e9sulte d\u2019accumulations sur plusieurs d\u00e9cennies.<\/p>\r\n<p style=\"text-align: justify;\" data-start=\"3018\" data-end=\"3171\">Mais cela signifie-t-il que l\u2019\u00c9tat va commencer un \u00ab audit historique \u00bb couvrant la p\u00e9riode post-ind\u00e9pendance jusqu\u2019\u00e0 aujourd\u2019hui ? Plusieurs indices :<\/p>\r\n<ul style=\"text-align: justify;\" data-start=\"3172\" data-end=\"3666\">\r\n<li data-start=\"3172\" data-end=\"3476\">\r\n<p data-start=\"3174\" data-end=\"3476\">Les pratiques de vente ou de transfert de terres collectives ou coutumi\u00e8res \u2014 qui ont longtemps suscit\u00e9 des plaintes de la soci\u00e9t\u00e9 civile \u2014 remontent \u00e0 plusieurs ann\u00e9es. Par exemple, le dossier \u00ab Soullalia \u00bb (terres coutumi\u00e8res collectives) avait d\u00e9j\u00e0 \u00e9t\u00e9 poursuivi par le minist\u00e8re concern\u00e9 en 2021.<\/p>\r\n<\/li>\r\n<li data-start=\"3477\" data-end=\"3666\">\r\n<p data-start=\"3479\" data-end=\"3666\">La nouvelle note sur la gestion de la construction sur les terres collectives refl\u00e8te la volont\u00e9 de restaurer la base l\u00e9gale laiss\u00e9e par des contrats pr\u00e9c\u00e9dents insuffisamment encadr\u00e9s.<\/p>\r\n<\/li>\r\n<\/ul>\r\n<p style=\"text-align: justify;\" data-start=\"3668\" data-end=\"3744\">Cela signifie que l\u2019\u00e9chelle temporelle du ph\u00e9nom\u00e8ne s\u2019\u00e9value en d\u00e9cennies.<\/p>\r\n<p style=\"text-align: justify;\" data-start=\"3746\" data-end=\"4164\">Cependant, il n\u2019existe pas encore d\u2019annonce officielle indiquant que l\u2019enqu\u00eate couvrira toutes les transactions depuis 1956 ou tous les contrats pass\u00e9s sans exception. Par cons\u00e9quent, la transformation n\u2019est pas comprise comme un \u00ab balayage historique complet \u00bb de toutes les activit\u00e9s depuis l\u2019ind\u00e9pendance, mais plut\u00f4t comme une concentration sur ce qui est \u00ab r\u00e9cup\u00e9rable \u00bb aujourd\u2019hui et juridiquement ex\u00e9cutoire.<\/p>\r\n<h3 style=\"text-align: justify;\" data-start=\"4171\" data-end=\"4237\">3. Que cherche \u00e0 accomplir l\u2019\u00c9tat ? Quelles sont les limites ?<\/h3>\r\n<p style=\"text-align: justify;\" data-start=\"4239\" data-end=\"4293\">D\u2019apr\u00e8s l\u2019analyse des donn\u00e9es, l\u2019\u00c9tat semble viser :<\/p>\r\n<ul style=\"text-align: justify;\" data-start=\"4294\" data-end=\"4818\">\r\n<li data-start=\"4294\" data-end=\"4447\">\r\n<p data-start=\"4296\" data-end=\"4447\"><strong data-start=\"4296\" data-end=\"4354\">R\u00e9cup\u00e9ration des biens des collectivit\u00e9s territoriales<\/strong> g\u00e9r\u00e9s ill\u00e9galement : terres transf\u00e9r\u00e9es de mani\u00e8re ill\u00e9gale ou sans application de la loi.<\/p>\r\n<\/li>\r\n<li data-start=\"4448\" data-end=\"4665\">\r\n<p data-start=\"4450\" data-end=\"4665\"><strong data-start=\"4450\" data-end=\"4501\">Contr\u00f4le du parcours administratif et juridique<\/strong> : diffusion de circulaires, mise \u00e0 jour des registres, fermeture des failles l\u00e9gales, r\u00e9enregistrement des propri\u00e9t\u00e9s, modification des proc\u00e9dures de d\u00e9l\u00e9gation.<\/p>\r\n<\/li>\r\n<li data-start=\"4666\" data-end=\"4818\">\r\n<p data-start=\"4668\" data-end=\"4818\"><strong data-start=\"4668\" data-end=\"4731\">Responsabilisation des \u00e9lus, responsables et interm\u00e9diaires<\/strong> : par renvoi des dossiers \u00e0 la justice, comme ~30 dossiers d\u00e9j\u00e0 transmis au parquet.<\/p>\r\n<\/li>\r\n<\/ul>\r\n<p style=\"text-align: justify;\" data-start=\"4820\" data-end=\"4858\">Mais il existe des limites claires :<\/p>\r\n<ul data-start=\"4859\" data-end=\"5428\">\r\n<li style=\"text-align: justify;\" data-start=\"4859\" data-end=\"5016\">\r\n<p data-start=\"4861\" data-end=\"5016\">Certaines affaires sont encore \u00ab en enqu\u00eate \u00bb ou seulement r\u00e9v\u00e9l\u00e9es initialement, ce qui signifie que la transparence compl\u00e8te n\u2019est pas encore possible.<\/p>\r\n<\/li>\r\n<li style=\"text-align: justify;\" data-start=\"5017\" data-end=\"5253\">\r\n<p data-start=\"5019\" data-end=\"5253\">Certains transferts peuvent relever des droits l\u00e9gaux de l\u2019\u00c9tat ou comporter des complications juridiques n\u00e9cessitant des ann\u00e9es pour \u00eatre r\u00e9gl\u00e9es, r\u00e9duisant ainsi la possibilit\u00e9 d\u2019une \u00ab purge \u00bb imm\u00e9diate de toutes les transactions.<\/p>\r\n<\/li>\r\n<li data-start=\"5254\" data-end=\"5428\">\r\n<p style=\"text-align: justify;\" data-start=\"5256\" data-end=\"5428\">Les rumeurs concernant les d\u00e9buts post-ind\u00e9pendance n\u00e9cessitent des donn\u00e9es archivistiques et une volont\u00e9 l\u00e9gale pour revoir les anciens contrats \u2014 une t\u00e2che monumentale.<\/p>\r\n<\/li>\r\n<\/ul>\r\n<ul data-start=\"4859\" data-end=\"5428\">\r\n<li data-start=\"5254\" data-end=\"5428\">\r\n<p style=\"text-align: justify;\" data-start=\"5256\" data-end=\"5428\">\u00a0<\/p>\r\n<\/li>\r\n<\/ul>\r\n<h5 style=\"text-align: justify;\" data-start=\"9165\" data-end=\"9277\">Tableau organis\u00e9 des dossiers d\u00e9clar\u00e9s concernant le transfert de terres collectives ou coutumi\u00e8res au Maroc<\/h5>\r\n<div class=\"_tableContainer_1rjym_1\">\r\n<div class=\"group _tableWrapper_1rjym_13 flex w-fit flex-col-reverse\" tabindex=\"-1\">\r\n<table class=\"w-fit min-w-(--thread-content-width)\" data-start=\"9279\" data-end=\"10540\">\r\n<thead data-start=\"9279\" data-end=\"9362\">\r\n<tr data-start=\"9279\" data-end=\"9362\">\r\n<th data-start=\"9279\" data-end=\"9283\" data-col-size=\"sm\">#<\/th>\r\n<th data-start=\"9283\" data-end=\"9300\" data-col-size=\"sm\">Commune \/ Lieu<\/th>\r\n<th data-start=\"9300\" data-end=\"9308\" data-col-size=\"md\">Sujet<\/th>\r\n<th data-start=\"9308\" data-end=\"9330\" data-col-size=\"sm\">Date de publication<\/th>\r\n<th data-start=\"9330\" data-end=\"9337\" data-col-size=\"sm\">Lien<\/th>\r\n<th data-start=\"9337\" data-end=\"9362\" data-col-size=\"md\">Remarques importantes<\/th>\r\n<\/tr>\r\n<\/thead>\r\n<tbody data-start=\"9443\" data-end=\"10540\">\r\n<tr data-start=\"9443\" data-end=\"9598\">\r\n<td data-start=\"9443\" data-end=\"9447\" data-col-size=\"sm\">1<\/td>\r\n<td data-start=\"9447\" data-end=\"9478\" data-col-size=\"sm\">Commune A\u00eft Hammou \u2013 Rehamna<\/td>\r\n<td data-col-size=\"md\" data-start=\"9478\" data-end=\"9523\">Transfert de terres coutumi\u00e8res \u00ab Rkibat \u00bb<\/td>\r\n<td data-col-size=\"sm\" data-start=\"9523\" data-end=\"9538\">F\u00e9vrier 2025<\/td>\r\n<td data-col-size=\"sm\" data-start=\"9538\" data-end=\"9556\"><a class=\"decorated-link\" href=\"#\" rel=\"noopener\" data-start=\"9540\" data-end=\"9555\">Anfaspress<\/a><\/td>\r\n<td data-col-size=\"md\" data-start=\"9556\" data-end=\"9598\">~\u202f8 ha, contrat de location symbolique<\/td>\r\n<\/tr>\r\n<tr data-start=\"9599\" data-end=\"9769\">\r\n<td data-start=\"9599\" data-end=\"9603\" data-col-size=\"sm\">2<\/td>\r\n<td data-col-size=\"sm\" data-start=\"9603\" data-end=\"9634\">Plusieurs r\u00e9gions (national)<\/td>\r\n<td data-col-size=\"md\" data-start=\"9634\" data-end=\"9683\">Dossier sur le pillage des terres des communes<\/td>\r\n<td data-col-size=\"sm\" data-start=\"9683\" data-end=\"9699\">Novembre 2025<\/td>\r\n<td data-col-size=\"sm\" data-start=\"9699\" data-end=\"9718\"><a class=\"decorated-link\" href=\"#\" rel=\"noopener\" data-start=\"9701\" data-end=\"9717\">Aljarida 24<\/a><\/td>\r\n<td data-col-size=\"md\" data-start=\"9718\" data-end=\"9769\">Titre analytique \u2013 r\u00e9gions\/terres non pr\u00e9cis\u00e9es<\/td>\r\n<\/tr>\r\n<tr data-start=\"9770\" data-end=\"9928\">\r\n<td data-start=\"9770\" data-end=\"9774\" data-col-size=\"sm\">3<\/td>\r\n<td data-col-size=\"sm\" data-start=\"9774\" data-end=\"9798\">Commune de Casablanca<\/td>\r\n<td data-col-size=\"md\" data-start=\"9798\" data-end=\"9839\">Transfert de biens collectifs en d\u00e9bat<\/td>\r\n<td data-col-size=\"sm\" data-start=\"9839\" data-end=\"9854\">F\u00e9vrier 2025<\/td>\r\n<td data-col-size=\"sm\" data-start=\"9854\" data-end=\"9883\"><a class=\"decorated-link\" href=\"#\" rel=\"noopener\" data-start=\"9856\" data-end=\"9882\">Al-Sahra Al-Maghribia<\/a><\/td>\r\n<td data-col-size=\"md\" data-start=\"9883\" data-end=\"9928\">En discussion au sein du conseil communal<\/td>\r\n<\/tr>\r\n<tr data-start=\"9929\" data-end=\"10102\">\r\n<td data-start=\"9929\" data-end=\"9933\" data-col-size=\"sm\">4<\/td>\r\n<td data-start=\"9933\" data-end=\"9965\" data-col-size=\"sm\">R\u00e9gions de K\u00e9nitra et T\u00e9touan<\/td>\r\n<td data-col-size=\"md\" data-start=\"9965\" data-end=\"10027\">Enqu\u00eates sur pr\u00e9sidents de communes pour transferts douteux<\/td>\r\n<td data-col-size=\"sm\" data-start=\"10027\" data-end=\"10042\">Juillet 2024<\/td>\r\n<td data-col-size=\"sm\" data-start=\"10042\" data-end=\"10062\"><a class=\"decorated-link\" href=\"#\" rel=\"noopener\" data-start=\"10044\" data-end=\"10061\">Sabah Agadir<\/a><\/td>\r\n<td data-col-size=\"md\" data-start=\"10062\" data-end=\"10102\">Six pr\u00e9sidents de communes impliqu\u00e9s<\/td>\r\n<\/tr>\r\n<tr data-start=\"10103\" data-end=\"10293\">\r\n<td data-start=\"10103\" data-end=\"10107\" data-col-size=\"sm\">5<\/td>\r\n<td data-start=\"10107\" data-end=\"10142\" data-col-size=\"sm\">Cercle Ouatat El Haj \u2013 Boulemane<\/td>\r\n<td data-col-size=\"md\" data-start=\"10142\" data-end=\"10200\">Terres coutumi\u00e8res sujettes \u00e0 corruption et pots-de-vin<\/td>\r\n<td data-col-size=\"sm\" data-start=\"10200\" data-end=\"10216\">Novembre 2024<\/td>\r\n<td data-col-size=\"sm\" data-start=\"10216\" data-end=\"10237\"><a class=\"decorated-link\" href=\"#\" rel=\"noopener\" data-start=\"10218\" data-end=\"10236\">Intelligencia<\/a><\/td>\r\n<td data-col-size=\"md\" data-start=\"10237\" data-end=\"10293\">Plusieurs dizaines de milliers d\u2019hectares concern\u00e9es<\/td>\r\n<\/tr>\r\n<tr data-start=\"10294\" data-end=\"10540\">\r\n<td data-start=\"10294\" data-end=\"10298\" data-col-size=\"sm\">6<\/td>\r\n<td data-col-size=\"sm\" data-start=\"10298\" data-end=\"10337\">Plusieurs r\u00e9gions \u2013 Biens collectifs<\/td>\r\n<td data-col-size=\"md\" data-start=\"10337\" data-end=\"10438\">Enqu\u00eate large de l\u2019Inspection g\u00e9n\u00e9rale de l\u2019administration territoriale sur le transfert de terres<\/td>\r\n<td data-col-size=\"sm\" data-start=\"10438\" data-end=\"10453\">Juillet 2025<\/td>\r\n<td data-col-size=\"sm\" data-start=\"10453\" data-end=\"10480\"><a class=\"decorated-link\" href=\"#\" rel=\"noopener\" data-start=\"10455\" data-end=\"10479\">Al-Khaleej Al-Arabi<\/a><\/td>\r\n<td data-col-size=\"md\" data-start=\"10480\" data-end=\"10540\">Participation de commissions mixtes et services centraux<\/td>\r\n<\/tr>\r\n<\/tbody>\r\n<\/table>\r\n<\/div>\r\n<\/div>\r\n","protected":false},"excerpt":{"rendered":"<p>Laftit et le m\u00e9rite non perdu : vers une reddition de comptes sur les affaires territoriales et communales Les d\u00e9clarations du ministre de l\u2019Int\u00e9rieur, Abdelouafi Laftit, adress\u00e9es aux \u00e9lus et \u00e0 ceux qui se sont accapar\u00e9s des terres des collectivit\u00e9s territoriales, constituent un moment charni\u00e8re dans la relation entre l\u2019\u00c9tat et le territoire local. Lorsqu\u2019il [&hellip;]<\/p>\n","protected":false},"author":2,"featured_media":552,"comment_status":"open","ping_status":"open","sticky":false,"template":"","format":"standard","meta":{"footnotes":""},"categories":[44,34,33],"tags":[],"class_list":["post-181","post","type-post","status-publish","format-standard","has-post-thumbnail","category-dossiers-speciaux","category-regions-du-royaume","category-societe"],"_links":{"self":[{"href":"https:\/\/fr.13emregion.com\/index.php\/wp-json\/wp\/v2\/posts\/181","targetHints":{"allow":["GET"]}}],"collection":[{"href":"https:\/\/fr.13emregion.com\/index.php\/wp-json\/wp\/v2\/posts"}],"about":[{"href":"https:\/\/fr.13emregion.com\/index.php\/wp-json\/wp\/v2\/types\/post"}],"author":[{"embeddable":true,"href":"https:\/\/fr.13emregion.com\/index.php\/wp-json\/wp\/v2\/users\/2"}],"replies":[{"embeddable":true,"href":"https:\/\/fr.13emregion.com\/index.php\/wp-json\/wp\/v2\/comments?post=181"}],"version-history":[{"count":4,"href":"https:\/\/fr.13emregion.com\/index.php\/wp-json\/wp\/v2\/posts\/181\/revisions"}],"predecessor-version":[{"id":555,"href":"https:\/\/fr.13emregion.com\/index.php\/wp-json\/wp\/v2\/posts\/181\/revisions\/555"}],"wp:featuredmedia":[{"embeddable":true,"href":"https:\/\/fr.13emregion.com\/index.php\/wp-json\/wp\/v2\/media\/552"}],"wp:attachment":[{"href":"https:\/\/fr.13emregion.com\/index.php\/wp-json\/wp\/v2\/media?parent=181"}],"wp:term":[{"taxonomy":"category","embeddable":true,"href":"https:\/\/fr.13emregion.com\/index.php\/wp-json\/wp\/v2\/categories?post=181"},{"taxonomy":"post_tag","embeddable":true,"href":"https:\/\/fr.13emregion.com\/index.php\/wp-json\/wp\/v2\/tags?post=181"}],"curies":[{"name":"wp","href":"https:\/\/api.w.org\/{rel}","templated":true}]}}